{"id":659,"date":"2023-10-24T08:50:56","date_gmt":"2023-10-24T08:50:56","guid":{"rendered":"https:\/\/eduit.ba\/?p=659"},"modified":"2023-10-25T08:54:38","modified_gmt":"2023-10-25T08:54:38","slug":"pocela-realizacija-u-os-vladislav-skaric-sarajevo","status":"publish","type":"post","link":"https:\/\/eduit.ba\/index.php\/2023\/10\/24\/pocela-realizacija-u-os-vladislav-skaric-sarajevo\/","title":{"rendered":"Po\u010dela realizacija projekta u O\u0160 Vladislav Skari\u0107 Sarajevo"},"content":{"rendered":"<p>&nbsp;<\/p>\n<p>&nbsp;<\/p>\n<p>&nbsp;<\/p>\n<p><iframe loading=\"lazy\" style=\"border: none; overflow: hidden;\" src=\"https:\/\/www.facebook.com\/plugins\/post.php?href=https%3A%2F%2Fwww.facebook.com%2Fudruzenje.eduit%2Fposts%2Fpfbid05zKeysqtgNyUma8UpteGHcKMSs4xbw2jNihJMtRTSskd5P9SdVSMuLBBBqpqAcRnl&amp;show_text=true&amp;width=500\" width=\"500\" height=\"741\" frameborder=\"0\" scrolling=\"no\" allowfullscreen=\"allowfullscreen\"><\/iframe><\/p>\n","protected":false},"excerpt":{"rendered":"<p>&nbsp; &nbsp; &nbsp;<\/p>\n","protected":false},"author":1,"featured_media":0,"comment_status":"closed","ping_status":"closed","sticky":false,"template":"","format":"standard","meta":{"_crdt_document":"","footnotes":""},"categories":[18,10],"tags":[],"class_list":["post-659","post","type-post","status-publish","format-standard","hentry","category-obavijesti-projekat","category-obavjestenja"],"_links":{"self":[{"href":"https:\/\/eduit.ba\/index.php\/wp-json\/wp\/v2\/posts\/659","targetHints":{"allow":["GET"]}}],"collection":[{"href":"https:\/\/eduit.ba\/index.php\/wp-json\/wp\/v2\/posts"}],"about":[{"href":"https:\/\/eduit.ba\/index.php\/wp-json\/wp\/v2\/types\/post"}],"author":[{"embeddable":true,"href":"https:\/\/eduit.ba\/index.php\/wp-json\/wp\/v2\/users\/1"}],"replies":[{"embeddable":true,"href":"https:\/\/eduit.ba\/index.php\/wp-json\/wp\/v2\/comments?post=659"}],"version-history":[{"count":2,"href":"https:\/\/eduit.ba\/index.php\/wp-json\/wp\/v2\/posts\/659\/revisions"}],"predecessor-version":[{"id":663,"href":"https:\/\/eduit.ba\/index.php\/wp-json\/wp\/v2\/posts\/659\/revisions\/663"}],"wp:attachment":[{"href":"https:\/\/eduit.ba\/index.php\/wp-json\/wp\/v2\/media?parent=659"}],"wp:term":[{"taxonomy":"category","embeddable":true,"href":"https:\/\/eduit.ba\/index.php\/wp-json\/wp\/v2\/categories?post=659"},{"taxonomy":"post_tag","embeddable":true,"href":"https:\/\/eduit.ba\/index.php\/wp-json\/wp\/v2\/tags?post=659"}],"curies":[{"name":"wp","href":"https:\/\/api.w.org\/{rel}","templated":true}]}}