{"id":635,"date":"2023-10-09T11:15:03","date_gmt":"2023-10-09T11:15:03","guid":{"rendered":"https:\/\/eduit.ba\/?p=635"},"modified":"2023-10-09T11:16:00","modified_gmt":"2023-10-09T11:16:00","slug":"najava-pocetaka-realizacije-projekata-u-saradnji-sa-opcinom-centar","status":"publish","type":"post","link":"https:\/\/eduit.ba\/index.php\/2023\/10\/09\/najava-pocetaka-realizacije-projekata-u-saradnji-sa-opcinom-centar\/","title":{"rendered":"Najava po\u010detka realizacije projekata u saradnji sa Op\u0107inom Centar"},"content":{"rendered":"<p><img loading=\"lazy\" decoding=\"async\" class=\"aligncenter wp-image-636 size-large\" src=\"https:\/\/eduit.ba\/wp-content\/uploads\/2023\/10\/Baner-za-projekat-eduIT-web-819x1024.png\" alt=\"\" width=\"640\" height=\"800\" srcset=\"https:\/\/eduit.ba\/wp-content\/uploads\/2023\/10\/Baner-za-projekat-eduIT-web-819x1024.png 819w, https:\/\/eduit.ba\/wp-content\/uploads\/2023\/10\/Baner-za-projekat-eduIT-web-240x300.png 240w, https:\/\/eduit.ba\/wp-content\/uploads\/2023\/10\/Baner-za-projekat-eduIT-web-768x960.png 768w, https:\/\/eduit.ba\/wp-content\/uploads\/2023\/10\/Baner-za-projekat-eduIT-web.png 945w\" sizes=\"auto, (max-width: 640px) 100vw, 640px\" \/><\/p>\n<p>&nbsp;<\/p>\n<p>&nbsp;<\/p>\n<p>S ponosom najavljujemo realizaciju iznimno va\u017enog projekta u JU O\u0160 \u201e\u0160IP\u201c koji \u0107e unaprijediti digitalne vje\u0161tine u\u010denika IX razreda i njihovih roditelja. Ovaj projekt predstavlja klju\u010dnu inicijativu u cilju osiguranja bolje budu\u0107nosti za na\u0161e mlade generacije i osposobljavanja na\u0161ih gra\u0111ana za sve izazove digitalnog doba. Cilj projekta &#8220;Unaprije\u0111enje digitalnih vje\u0161tina&#8221; je omogu\u0107iti u\u010denicima IX razreda osnovnih \u0161kola i njihovim roditeljima sticanje potrebnih digitalnih kompetencija koje su od su\u0161tinskog zna\u010daja u dana\u0161njem svijetu. Kroz ovaj projekt \u017eelimo potaknuti u\u010denike da postanu samostalni i sigurni korisnici digitalnih tehnologija te podr\u017eati roditelje u razumijevanju i pra\u0107enju digitalnog svijeta svoje djece.<\/p>\n<p><strong>Aktivnosti projekta:<\/strong><\/p>\n<p><strong>Edukacijske radionice za u\u010denike:<\/strong> Organizirat \u0107emo niz radionica za u\u010denike IX razreda kako bismo im pru\u017eili osnovna znanja o digitalnoj sigurnosti, upotrebi interneta i digitalnim alatima za u\u010denje.<\/p>\n<p><strong>Predavanja i radionice za roditelje:<\/strong> Roditelji su klju\u010dni u podr\u017eavanju i usmjeravanju svoje djece u digitalnom svijetu. Stoga \u0107emo organizirati seriju radionica za roditelje kako bismo ih informirali o online sigurnosti, pra\u0107enju dje\u010djih aktivnosti na internetu i komunikaciji s djecom o digitalnom svijetu.<\/p>\n<p><strong>Online resursi:<\/strong> Razviti \u0107emo online komunikaciju s resursima, smjernicama i alatima koji \u0107e biti dostupni u\u010denicima i roditeljima kako bi im olak\u0161ali pristup korisnim informacijama i materijalima za unaprije\u0111enje digitalnih vje\u0161tina.<\/p>\n<p><strong>Mentorstvo i podr\u0161ka:<\/strong> Osigurat \u0107emo sistem mentorske podr\u0161ke i organizovati mini takmi\u010denja (takmi\u010denja iz dru\u0161tvenih igara i takmi\u010denja iz op\u0107eg znanja o digitalnoj pismenosti, digitalnom marketingu, cyber bullingu, dru\u0161tvenim mre\u017eama) kako bi doprinijeli stvaranju sigurnijeg i produktivnijeg digitalnog okru\u017eenja za na\u0161u zajednicu.<\/p>\n<p>Ostanite u toku s na\u0161im projektom &#8220;Unaprije\u0111enje digitalnih vje\u0161tina&#8221; \u010dija realizacija po\u010dinje u <strong><em>\u010detvrtak 12.10.2023.godine<\/em><\/strong> serijom edukacija i radionica za u\u010denike na\u0161e \u0161kole. Pozivamo vas da se aktivno uklju\u010dite i zajedno doprinesemo ja\u010danju digitalnih kompetencija na\u0161e zajednice.<\/p>\n<p>Zajedno gradimo digitalnu budu\u0107nost!<\/p>\n","protected":false},"excerpt":{"rendered":"<p>&nbsp; &nbsp; S ponosom najavljujemo realizaciju iznimno va\u017enog projekta u JU O\u0160 \u201e\u0160IP\u201c koji \u0107e unaprijediti digitalne vje\u0161tine u\u010denika IX razreda i njihovih roditelja. Ovaj projekt predstavlja klju\u010dnu inicijativu u cilju osiguranja bolje budu\u0107nosti za na\u0161e mlade generacije i osposobljavanja na\u0161ih gra\u0111ana za sve izazove digitalnog doba. Cilj projekta &#8220;Unaprije\u0111enje digitalnih vje\u0161tina&#8221; je omogu\u0107iti u\u010denicima IX razreda osnovnih \u0161kola i [&hellip;]<\/p>\n","protected":false},"author":1,"featured_media":0,"comment_status":"closed","ping_status":"closed","sticky":false,"template":"","format":"standard","meta":{"_crdt_document":"","footnotes":""},"categories":[10],"tags":[],"class_list":["post-635","post","type-post","status-publish","format-standard","hentry","category-obavjestenja"],"_links":{"self":[{"href":"https:\/\/eduit.ba\/index.php\/wp-json\/wp\/v2\/posts\/635","targetHints":{"allow":["GET"]}}],"collection":[{"href":"https:\/\/eduit.ba\/index.php\/wp-json\/wp\/v2\/posts"}],"about":[{"href":"https:\/\/eduit.ba\/index.php\/wp-json\/wp\/v2\/types\/post"}],"author":[{"embeddable":true,"href":"https:\/\/eduit.ba\/index.php\/wp-json\/wp\/v2\/users\/1"}],"replies":[{"embeddable":true,"href":"https:\/\/eduit.ba\/index.php\/wp-json\/wp\/v2\/comments?post=635"}],"version-history":[{"count":2,"href":"https:\/\/eduit.ba\/index.php\/wp-json\/wp\/v2\/posts\/635\/revisions"}],"predecessor-version":[{"id":639,"href":"https:\/\/eduit.ba\/index.php\/wp-json\/wp\/v2\/posts\/635\/revisions\/639"}],"wp:attachment":[{"href":"https:\/\/eduit.ba\/index.php\/wp-json\/wp\/v2\/media?parent=635"}],"wp:term":[{"taxonomy":"category","embeddable":true,"href":"https:\/\/eduit.ba\/index.php\/wp-json\/wp\/v2\/categories?post=635"},{"taxonomy":"post_tag","embeddable":true,"href":"https:\/\/eduit.ba\/index.php\/wp-json\/wp\/v2\/tags?post=635"}],"curies":[{"name":"wp","href":"https:\/\/api.w.org\/{rel}","templated":true}]}}