{"id":63,"date":"2016-04-12T17:04:53","date_gmt":"2016-04-12T17:04:53","guid":{"rendered":"http:\/\/eduit.ba\/?p=63"},"modified":"2016-04-12T17:04:53","modified_gmt":"2016-04-12T17:04:53","slug":"predstavljanje-zajednicke-jezgre-za-tehniku-i-informacione-tehnologije","status":"publish","type":"post","link":"https:\/\/eduit.ba\/index.php\/2016\/04\/12\/predstavljanje-zajednicke-jezgre-za-tehniku-i-informacione-tehnologije\/","title":{"rendered":"Predstavljanje Zajedni\u010dke jezgre za tehniku i informacione tehnologije"},"content":{"rendered":"<p style=\"text-align: justify;\">Konferencija Agencije za pred\u0161kolsko, osnovno i srednje obrazovanje BiH posve\u0107ena predstavljanju dokumenta \u201e Zajedni\u010dka jezgra nastavnih planova i programa za tehniku i informacione tehnologije definisana na ishodima u\u010denja\u201c je odr\u017eana \u00a0u Mostaru\u00a0 17.3.2016.godine. Stru\u010dnoj javnosti \u00a0je predstavljen dokument zasnovan na ishodima u\u010denja \u00a0koji govori o sticanju prakti\u010dnog \u00a0znanja, na\u010dinima primjene tehnike i funkcionisanja tehnologije, te planiranju i pripremi nastavnog rada, u skladu s postavljenim ishodima i pokazateljima definisanim od kraja tre\u0107eg razreda osnovne \u0161kole pa sve do kraja srednjo\u0161kolskog obrazovanja.<span id=\"more-2773\"><\/span><\/p>\n<p style=\"text-align: justify;\">Polazi\u0161te pri izradi Zajedni\u010dke jezgre NPP za tehniku i informacione tehnologije je <em>Identifikacija klju\u010dnih kompetencija i \u017eivotnih vje\u0161tina u BiH<\/em> (2011.) i rezultati analize va\u017ee\u0107ih nastavnih planova i programa kako u BiH tako i u drugim zemljama.<\/p>\n<p style=\"text-align: justify;\"><a class=\"fancybox\" href=\"http:\/\/www.aposo.gov.ba\/en\/files\/2016\/03\/Konferencija-Mostar.jpg\" rel=\"fancybox\"><img loading=\"lazy\" decoding=\"async\" class=\"alignright wp-image-1764\" src=\"http:\/\/www.aposo.gov.ba\/en\/files\/2016\/03\/Konferencija-Mostar.jpg\" alt=\"Konferencija Mostar\" width=\"285\" height=\"160\" \/><\/a>Definisanje Zajedni\u010dke jezgre NPP za tehniku i informacione tehnologije vodio je stru\u010dni tim dr.sc. Adisa Vu\u010dina i dr.sc. Dra\u017eena Ga\u0161par.U\u010destvovali su predstavnici svih pedago\u0161kih zavoda u BiH, u\u010ditelji, nastavnici, srednjo\u0161kolski profesori, univerzitetski profesori kao i stru\u010dni savjetnici Agencije za pred\u0161kolsko, osnovno i srednje obrazovanje.<\/p>\n<p style=\"text-align: justify;\">\n<p style=\"text-align: justify;\">Izvor: <a href=\"http:\/\/www.aposo.gov.ba\/blog\/arhive\/2773\">APOSO<\/a><\/p>\n<p style=\"text-align: justify;\">ZJNPP mo\u017eete pogledati <a href=\"http:\/\/aposo.gov.ba\/wp-content\/uploads\/2016\/ZJNPP%20za%20Tehniku%20i%20IT%20-%20B.pdf\">OVDJE<\/a><\/p>\n","protected":false},"excerpt":{"rendered":"<p>Konferencija Agencije za pred\u0161kolsko, osnovno i srednje obrazovanje BiH posve\u0107ena predstavljanju dokumenta \u201e Zajedni\u010dka jezgra nastavnih planova i programa za tehniku i informacione tehnologije definisana na ishodima u\u010denja\u201c je odr\u017eana \u00a0u Mostaru\u00a0 17.3.2016.godine. Stru\u010dnoj javnosti \u00a0je predstavljen dokument zasnovan na ishodima u\u010denja \u00a0koji govori o sticanju prakti\u010dnog \u00a0znanja, na\u010dinima primjene tehnike i funkcionisanja tehnologije, te planiranju i pripremi nastavnog rada, [&hellip;]<\/p>\n","protected":false},"author":1,"featured_media":0,"comment_status":"closed","ping_status":"closed","sticky":false,"template":"","format":"standard","meta":{"_crdt_document":"","footnotes":""},"categories":[10],"tags":[],"class_list":["post-63","post","type-post","status-publish","format-standard","hentry","category-obavjestenja"],"_links":{"self":[{"href":"https:\/\/eduit.ba\/index.php\/wp-json\/wp\/v2\/posts\/63","targetHints":{"allow":["GET"]}}],"collection":[{"href":"https:\/\/eduit.ba\/index.php\/wp-json\/wp\/v2\/posts"}],"about":[{"href":"https:\/\/eduit.ba\/index.php\/wp-json\/wp\/v2\/types\/post"}],"author":[{"embeddable":true,"href":"https:\/\/eduit.ba\/index.php\/wp-json\/wp\/v2\/users\/1"}],"replies":[{"embeddable":true,"href":"https:\/\/eduit.ba\/index.php\/wp-json\/wp\/v2\/comments?post=63"}],"version-history":[{"count":0,"href":"https:\/\/eduit.ba\/index.php\/wp-json\/wp\/v2\/posts\/63\/revisions"}],"wp:attachment":[{"href":"https:\/\/eduit.ba\/index.php\/wp-json\/wp\/v2\/media?parent=63"}],"wp:term":[{"taxonomy":"category","embeddable":true,"href":"https:\/\/eduit.ba\/index.php\/wp-json\/wp\/v2\/categories?post=63"},{"taxonomy":"post_tag","embeddable":true,"href":"https:\/\/eduit.ba\/index.php\/wp-json\/wp\/v2\/tags?post=63"}],"curies":[{"name":"wp","href":"https:\/\/api.w.org\/{rel}","templated":true}]}}