{"id":181,"date":"2017-02-01T09:30:43","date_gmt":"2017-02-01T09:30:43","guid":{"rendered":"http:\/\/eduit.ba\/?p=181"},"modified":"2017-02-01T09:30:43","modified_gmt":"2017-02-01T09:30:43","slug":"dan-sigurnijeg-interneta-2017","status":"publish","type":"post","link":"https:\/\/eduit.ba\/index.php\/2017\/02\/01\/dan-sigurnijeg-interneta-2017\/","title":{"rendered":"Dan sigurnijeg interneta 2017"},"content":{"rendered":"<p style=\"text-align: justify;\"><a href=\"http:\/\/eduit.ba\/wp-content\/uploads\/2017\/02\/Poster-SID-2017.jpg\"><img loading=\"lazy\" decoding=\"async\" class=\"aligncenter size-large wp-image-183\" src=\"http:\/\/eduit.ba\/wp-content\/uploads\/2017\/02\/Poster-SID-2017-1024x724.jpg\" alt=\"\" width=\"600\" height=\"424\" \/><\/a><\/p>\n<p style=\"text-align: justify;\">\n<p style=\"text-align: justify;\">\n<p style=\"text-align: justify;\"><strong>Pismo osnovnim \u0161kolama mo\u017eete pogledati <a href=\"http:\/\/eduit.ba\/wp-content\/uploads\/2017\/02\/Osnovne-\u0161kole-pismo-SID-2017-Poster.doc\">OVDJE (Word dokument)<\/a><\/strong><\/p>\n<hr \/>\n<p style=\"text-align: justify;\">Po\u0161tovani\/e,<\/p>\n<p style=\"text-align: justify;\">ovim putem Vam se obra\u0107amo s pozivom da se pridru\u017eite inicijativi i animirate u\u010denike\/ce Va\u0161e \u0161kole na u\u010de\u0161\u0107e u obilje\u017eavanju Dana sigurnijeg Interneta u Bosni i Hercegovini. <strong>Dan sigurnijeg interneta 2017<\/strong> \u0107e se obilje\u017eiti pod sloganom <strong>\u201eBudi promjena: Ujedinjeni za bolji Internet\u201c<\/strong> <em>(\u201eBe the change: unite for a better Internet&#8221;)<\/em> dana <strong>07. februara\/velja\u010de<\/strong>, te se iskreno nadamo da \u0107ete iskazati interes i na taj na\u010din dati svoj doprinos u aktivnostima spre\u010davanja zloupotrebe djece putem informacijskih i komunikacijskih tehnologija i pridru\u017eiti se u obavje\u0161tavanju \u0161ire javnosti o ovom doga\u0111aju.<\/p>\n<p style=\"text-align: justify;\">Ukoliko ste zainteresovani da pored poziva djeci na u\u010de\u0161\u0107e u takmi\u010denju, date i dodatni doprinos i \u017eelite da se na drugi na\u010din uklju\u010dite u obilje\u017eavanje SID-a 2017. godine, npr. odr\u017eavanjem preventivnih predavanja, postavljanjem info \u0161tanda u \u0161koli ili sli\u010dnim aktivnostima, molimo Vas da nas o tome informi\u0161ete putem e-maila na sarajevo@mfs-emmaus.ba kako bi Va\u0161e aktivnosti bile uklju\u010dene u zajedni\u010dku prezentaciju realiziranih aktivnosti u Bosni i Hercegovini povodom obilje\u017eavanja Dana sigurnijeg interneta.<\/p>\n<p style=\"text-align: justify;\">Informacije o takmi\u010denju za djecu su objavljene i na stranici <a href=\"http:\/\/www.sigurnodijete.ba\/\"><u>www.sigurnodijete.ba<\/u><\/a>.<\/p>\n<p style=\"text-align: justify;\">Unaprijed se zahvaljujemo na suradnji.<\/p>\n<p style=\"text-align: justify;\">Lijep pozdrav,<\/p>\n<p style=\"text-align: justify;\">MFS-EMMAUS<\/p>\n","protected":false},"excerpt":{"rendered":"<p>Pismo osnovnim \u0161kolama mo\u017eete pogledati OVDJE (Word dokument) Po\u0161tovani\/e, ovim putem Vam se obra\u0107amo s pozivom da se pridru\u017eite inicijativi i animirate u\u010denike\/ce Va\u0161e \u0161kole na u\u010de\u0161\u0107e u obilje\u017eavanju Dana sigurnijeg Interneta u Bosni i Hercegovini. Dan sigurnijeg interneta 2017 \u0107e se obilje\u017eiti pod sloganom \u201eBudi promjena: Ujedinjeni za bolji Internet\u201c (\u201eBe the change: unite for a better Internet&#8221;) dana [&hellip;]<\/p>\n","protected":false},"author":1,"featured_media":0,"comment_status":"closed","ping_status":"closed","sticky":false,"template":"","format":"standard","meta":{"_crdt_document":"","footnotes":""},"categories":[10],"tags":[],"class_list":["post-181","post","type-post","status-publish","format-standard","hentry","category-obavjestenja"],"_links":{"self":[{"href":"https:\/\/eduit.ba\/index.php\/wp-json\/wp\/v2\/posts\/181","targetHints":{"allow":["GET"]}}],"collection":[{"href":"https:\/\/eduit.ba\/index.php\/wp-json\/wp\/v2\/posts"}],"about":[{"href":"https:\/\/eduit.ba\/index.php\/wp-json\/wp\/v2\/types\/post"}],"author":[{"embeddable":true,"href":"https:\/\/eduit.ba\/index.php\/wp-json\/wp\/v2\/users\/1"}],"replies":[{"embeddable":true,"href":"https:\/\/eduit.ba\/index.php\/wp-json\/wp\/v2\/comments?post=181"}],"version-history":[{"count":0,"href":"https:\/\/eduit.ba\/index.php\/wp-json\/wp\/v2\/posts\/181\/revisions"}],"wp:attachment":[{"href":"https:\/\/eduit.ba\/index.php\/wp-json\/wp\/v2\/media?parent=181"}],"wp:term":[{"taxonomy":"category","embeddable":true,"href":"https:\/\/eduit.ba\/index.php\/wp-json\/wp\/v2\/categories?post=181"},{"taxonomy":"post_tag","embeddable":true,"href":"https:\/\/eduit.ba\/index.php\/wp-json\/wp\/v2\/tags?post=181"}],"curies":[{"name":"wp","href":"https:\/\/api.w.org\/{rel}","templated":true}]}}