{"id":137,"date":"2016-08-23T08:27:57","date_gmt":"2016-08-23T08:27:57","guid":{"rendered":"http:\/\/eduit.ba\/?p=137"},"modified":"2016-08-23T08:27:57","modified_gmt":"2016-08-23T08:27:57","slug":"reforme-u-obrazovanju","status":"publish","type":"post","link":"https:\/\/eduit.ba\/index.php\/2016\/08\/23\/reforme-u-obrazovanju\/","title":{"rendered":"Reforme u obrazovanju"},"content":{"rendered":"<p>&nbsp;<\/p>\n<p style=\"text-align: center;\"><strong>Obavje\u0161tenje za javnost \u2013 reforme u obrazovanju<\/strong><\/p>\n<p style=\"text-align: justify;\">Nastavnici razredne nastave (u\u010ditelji\/ice) Kantona Sarajevo u saradnji sa profesorima informatike zapo\u010deli su edukaciju za izvo\u0111enje nastave informatike u prvom razredu osnovne \u0161kole sa po\u010detkom u 09 sati u Srednjoj elektrotehni\u010dkoj \u0161koli.<\/p>\n<p style=\"text-align: justify;\">Edukacijom je predvi\u0111eno unapre\u0111enje kompetencija nastavnika razredne nastave za izvo\u0111enje nastave za predmet informatika u prvom razredu osnovne \u0161kole. Predvi\u0111eno je da se odr\u017ei IV modula tipa radionica uz prakti\u010dne primjere. Edukaciji prisustvuje 50 nastavnika, a ukupan broj koji \u0107e pro\u0107i obuku je 174 u\u010ditelja\/ice.<\/p>\n<p style=\"text-align: justify;\">Cilj ove reforme je da odgojimo i obrazujemo na\u0161e u\u010denike \u2013 budu\u0107e generacije za moderno doba i civilizacijske izazove.<\/p>\n<p style=\"text-align: justify;\">Izjavili su profesori informatike i nastavnici\/profesori razredne nastave<\/p>\n<p>&nbsp;<\/p>\n<p><a href=\"http:\/\/eduit.ba\/wp-content\/uploads\/2016\/08\/20160823_091921.jpg\"><img loading=\"lazy\" decoding=\"async\" class=\"size-medium wp-image-138 aligncenter\" src=\"http:\/\/eduit.ba\/wp-content\/uploads\/2016\/08\/20160823_091921-300x169.jpg\" alt=\"20160823_091921\" width=\"300\" height=\"169\" \/><\/a><\/p>\n<p><a href=\"http:\/\/eduit.ba\/wp-content\/uploads\/2016\/08\/20160823_091927.jpg\"><img loading=\"lazy\" decoding=\"async\" class=\"size-medium wp-image-139 aligncenter\" src=\"http:\/\/eduit.ba\/wp-content\/uploads\/2016\/08\/20160823_091927-300x169.jpg\" alt=\"20160823_091927\" width=\"300\" height=\"169\" \/><\/a><\/p>\n<p><a href=\"http:\/\/eduit.ba\/wp-content\/uploads\/2016\/08\/20160823_091938.jpg\"><img loading=\"lazy\" decoding=\"async\" class=\"size-medium wp-image-140 aligncenter\" src=\"http:\/\/eduit.ba\/wp-content\/uploads\/2016\/08\/20160823_091938-300x169.jpg\" alt=\"20160823_091938\" width=\"300\" height=\"169\" \/><\/a><\/p>\n<p><a href=\"http:\/\/eduit.ba\/wp-content\/uploads\/2016\/08\/20160823_091909.jpg\"><img loading=\"lazy\" decoding=\"async\" class=\"size-medium wp-image-141 aligncenter\" src=\"http:\/\/eduit.ba\/wp-content\/uploads\/2016\/08\/20160823_091909-300x169.jpg\" alt=\"20160823_091909\" width=\"300\" height=\"169\" \/><\/a><\/p>\n<p>&nbsp;<\/p>\n<p>&nbsp;<\/p>\n","protected":false},"excerpt":{"rendered":"<p>&nbsp; Obavje\u0161tenje za javnost \u2013 reforme u obrazovanju Nastavnici razredne nastave (u\u010ditelji\/ice) Kantona Sarajevo u saradnji sa profesorima informatike zapo\u010deli su edukaciju za izvo\u0111enje nastave informatike u prvom razredu osnovne \u0161kole sa po\u010detkom u 09 sati u Srednjoj elektrotehni\u010dkoj \u0161koli. Edukacijom je predvi\u0111eno unapre\u0111enje kompetencija nastavnika razredne nastave za izvo\u0111enje nastave za predmet informatika u prvom razredu osnovne \u0161kole. Predvi\u0111eno [&hellip;]<\/p>\n","protected":false},"author":1,"featured_media":0,"comment_status":"closed","ping_status":"closed","sticky":false,"template":"","format":"standard","meta":{"_crdt_document":"","footnotes":""},"categories":[10],"tags":[],"class_list":["post-137","post","type-post","status-publish","format-standard","hentry","category-obavjestenja"],"_links":{"self":[{"href":"https:\/\/eduit.ba\/index.php\/wp-json\/wp\/v2\/posts\/137","targetHints":{"allow":["GET"]}}],"collection":[{"href":"https:\/\/eduit.ba\/index.php\/wp-json\/wp\/v2\/posts"}],"about":[{"href":"https:\/\/eduit.ba\/index.php\/wp-json\/wp\/v2\/types\/post"}],"author":[{"embeddable":true,"href":"https:\/\/eduit.ba\/index.php\/wp-json\/wp\/v2\/users\/1"}],"replies":[{"embeddable":true,"href":"https:\/\/eduit.ba\/index.php\/wp-json\/wp\/v2\/comments?post=137"}],"version-history":[{"count":0,"href":"https:\/\/eduit.ba\/index.php\/wp-json\/wp\/v2\/posts\/137\/revisions"}],"wp:attachment":[{"href":"https:\/\/eduit.ba\/index.php\/wp-json\/wp\/v2\/media?parent=137"}],"wp:term":[{"taxonomy":"category","embeddable":true,"href":"https:\/\/eduit.ba\/index.php\/wp-json\/wp\/v2\/categories?post=137"},{"taxonomy":"post_tag","embeddable":true,"href":"https:\/\/eduit.ba\/index.php\/wp-json\/wp\/v2\/tags?post=137"}],"curies":[{"name":"wp","href":"https:\/\/api.w.org\/{rel}","templated":true}]}}